{"id":4711,"date":"2019-02-26T19:45:45","date_gmt":"2019-02-26T18:45:45","guid":{"rendered":"https:\/\/www.cbadia.com\/?p=4711"},"modified":"2021-04-26T18:03:02","modified_gmt":"2021-04-26T17:03:02","slug":"ortodoncia-en-adolescentes-y-otros-consejos-de-salud-bucal-a-esta-edad","status":"publish","type":"post","link":"https:\/\/ziving.com\/ca\/ortodoncia-valencia\/ortodoncia-en-adolescentes-y-otros-consejos-de-salud-bucal-a-esta-edad\/","title":{"rendered":"Ortodoncia en adolescentes y otros consejos de salud bucal a esta edad"},"content":{"rendered":"<p>\u00bfTu hijo es adolescente? \u00bfLe ves los dientes torcidos\u00a0 y te preocupa su salud bucal? Ven a nuestra cl\u00ednica dental y de ortodoncia especializada en adolescentes y ni\u00f1os y te diremos c\u00f3mo cuidar su boca para que llegue a la edad adulta con una sonrisa perfecta.<!--more--><\/p>\n<p><strong>En la cl\u00ednica de la doctora Bad\u00eda somos especialistas en Invisalign en Valencia<\/strong>. Trabajamos con Invisalign First y con sistemas para acelerar el proceso. Primero diagnosticamos el caso de tu hijo o hija, comprobamos el tipo de problema a solventar, determinamos un tiempo de tratamiento y lo comenzamos. El principal problema con el que seguro que te has encontrado es que no le apetece que se le vean los brackets durante el a\u00f1o y pico que dura el tratamiento, <a href=\"https:\/\/ziving.com\/ca\/ortodoncia-valencia\/invisalign-en-valencia-menos-horas-de-tratamiento-y-resultados-antes\/\">pero eso se soluciona con Invisalign<\/a>, pues corrige la sonrisa con juegos de fundas transparentes.<\/p>\n<p>Pero en nuestra cl\u00ednica de ortodoncia en Valencia no solo <a href=\"https:\/\/ziving.com\/ca\/ortodoncia-valencia\/precio-de-invisalign-full-en-valencia-y-promociones-para-ninos-y-adultos\/\">somos los mejores en los tratamientos de Invisalign,<\/a> tambi\u00e9n en ayudar a tu hijo a que sus dientes se mantengan fuertes y sanos. Cuando veng\u00e1is a visitarnos, te daremos pautas concretas para mejorar tu alimentaci\u00f3n, <strong>lo suficiente para nutrir a tus dientes y que est\u00e9n fuertes<\/strong>.<\/p>\n<h2><img decoding=\"async\" class=\"alignnone size-full wp-image-3530\" src=\"https:\/\/www.cbadia.com\/wp-content\/uploads\/2016\/06\/Foto-del-d\u00eda-.jpg\" alt=\"Ortodoncia en adolescentes y otros consejos de salud bucal a esta edad\" width=\"1280\" height=\"853\" \/><\/h2>\n<h2>Consulta con nuestra cl\u00ednica de ortodoncia especializada en adolescentes en Valencia &#8211;\u00a0963 518 788<\/h2>\n<p>Tambi\u00e9n es importante no caer en el tabaquismo, una pr\u00e1ctica perniciosa que no solo afecta a los pulmones, envejece la piel y nos va matando poco a poco, tambi\u00e9n hiere los dientes y los afea. <strong>Por fortuna, en nuestra cl\u00ednica dental en Valencia tambi\u00e9n realizamos terapias de blanqueamiento<\/strong>. Adem\u00e1s de esto, es importante revisar qu\u00e9 incidencia puede estar teniendo cualquier piercing dental que pueda estar incidiendo en la enc\u00eda.<\/p>\n<p>Lo normal y m\u00e1s recomendable es que tu hijo venga a vernos cuando tiene unos siete a\u00f1os. De esa forma podremos adelantarnos a futuros problemas dentales, pero si no ha pasado por esta revisi\u00f3n, no dejes que pase por la etapa adolescente sin venir a visitarnos.<\/p>","protected":false},"excerpt":{"rendered":"<p>\u00bfTu hijo es adolescente? \u00bfLe ves los dientes torcidos\u00a0 y te preocupa su salud bucal? Ven a nuestra cl\u00ednica dental y de ortodoncia especializada en adolescentes y ni\u00f1os y te&#8230;<\/p>","protected":false},"author":1,"featured_media":2524,"comment_status":"open","ping_status":"open","sticky":false,"template":"","format":"standard","meta":{"_joinchat":[],"footnotes":""},"categories":[11],"tags":[63,64,41,65,66],"class_list":{"0":"post-4711","1":"post","2":"type-post","3":"status-publish","4":"format-standard","5":"has-post-thumbnail","7":"category-ortodoncia-valencia","8":"tag-invisalign-fotos-antes-y-despues","9":"tag-invisalign-opiniones-2019","10":"tag-invisalign-valencia-opiniones","11":"tag-mejor-ortodoncista-valencia","12":"tag-ortodoncia-invisible-valencia"},"_links":{"self":[{"href":"https:\/\/ziving.com\/ca\/wp-json\/wp\/v2\/posts\/4711","targetHints":{"allow":["GET"]}}],"collection":[{"href":"https:\/\/ziving.com\/ca\/wp-json\/wp\/v2\/posts"}],"about":[{"href":"https:\/\/ziving.com\/ca\/wp-json\/wp\/v2\/types\/post"}],"author":[{"embeddable":true,"href":"https:\/\/ziving.com\/ca\/wp-json\/wp\/v2\/users\/1"}],"replies":[{"embeddable":true,"href":"https:\/\/ziving.com\/ca\/wp-json\/wp\/v2\/comments?post=4711"}],"version-history":[{"count":2,"href":"https:\/\/ziving.com\/ca\/wp-json\/wp\/v2\/posts\/4711\/revisions"}],"predecessor-version":[{"id":5917,"href":"https:\/\/ziving.com\/ca\/wp-json\/wp\/v2\/posts\/4711\/revisions\/5917"}],"wp:featuredmedia":[{"embeddable":true,"href":"https:\/\/ziving.com\/ca\/wp-json\/wp\/v2\/media\/2524"}],"wp:attachment":[{"href":"https:\/\/ziving.com\/ca\/wp-json\/wp\/v2\/media?parent=4711"}],"wp:term":[{"taxonomy":"category","embeddable":true,"href":"https:\/\/ziving.com\/ca\/wp-json\/wp\/v2\/categories?post=4711"},{"taxonomy":"post_tag","embeddable":true,"href":"https:\/\/ziving.com\/ca\/wp-json\/wp\/v2\/tags?post=4711"}],"curies":[{"name":"wp","href":"https:\/\/api.w.org\/{rel}","templated":true}]}}