{"id":4719,"date":"2019-03-12T18:35:03","date_gmt":"2019-03-12T17:35:03","guid":{"rendered":"https:\/\/www.cbadia.com\/?p=4719"},"modified":"2021-04-27T08:50:19","modified_gmt":"2021-04-27T07:50:19","slug":"invisalign-first-arregla-la-sonrisa-de-los-ninos-musicos-sin-que-tengan-que-dejar-de-tocar","status":"publish","type":"post","link":"https:\/\/ziving.com\/ca\/ortodoncia-valencia\/invisalign-first-arregla-la-sonrisa-de-los-ninos-musicos-sin-que-tengan-que-dejar-de-tocar\/","title":{"rendered":"Invisalign First arregla la sonrisa de los ni\u00f1os m\u00fasicos sin que tengan que dejar de tocar"},"content":{"rendered":"<p>En nuestra cl\u00ednica de ortodoncia infantil en Valencia somos especialistas en Invisalign First. Lo mejor de este sistema de ortodoncia es que se puede quitar, por lo que si tu hijo toca un instrumento de viento podr\u00e1 retir\u00e1rselo para practicar y seguir yendo a conciertos. Ese es el caso de Nene, un joven m\u00fasico con much\u00edsimo talento.<!--more--><\/p>\n<p>Lo que m\u00e1s nos gusta y de lo que m\u00e1s orgullosos nos sentimos en nuestra consulta es en ayudar a los ni\u00f1os a recuperar su sonrisa sin que tengan que parar de hacer lo que m\u00e1s les gusta. Nene es un joven que adora la m\u00fasica. <strong>Una ortodoncia con brackets podr\u00eda impedirle tocar bien su instrumento de viento,<\/strong> lo que significar\u00eda que tendr\u00eda que dejar de ir a ensayar.<\/p>\n<p>Su problema era que ten\u00eda los incisivos superiores protruidos, la mand\u00edbula retra\u00edda y el paladar en forma de V. Lo que hicimos en nuestra cl\u00ednica fue realizar <a href=\"https:\/\/ziving.com\/ca\/ortodoncia-valencia\/ortodoncia-barata-en-valencia-sin-sacrificar-calidad-del-tratamiento\/\">un estudio de su caso y recomendar Invisalign<\/a>. Desde el laboratorio nos mandaron un juego de f\u00e9rulas intercambiables que Nene se ha ido cambiando a medida que avanzaba el tratamiento. Como tiene que llevarlo puesto 22 horas, ha podido quit\u00e1rselo para los ensayos y para los conciertos.<\/p>\n<h2><img decoding=\"async\" class=\"alignnone wp-image-4722 aligncenter\" src=\"https:\/\/www.cbadia.com\/wp-content\/uploads\/2019\/03\/ANTES-Y-DESPUES-FORNTAL.jpg\" alt=\"\" width=\"382\" height=\"382\" \/><\/h2>\n<h2>Con Invisaling First, tu hijo no tiene que cambiar su vida por culpa de la ortodoncia<\/h2>\n<p>De ese modo, <strong>a medida que Invisalign hac\u00eda su trabajo<\/strong>, Nene mejoraba y mejoraba su interpretaci\u00f3n sin que la ortodoncia le impidiera hacerlo. Dicho as\u00ed, puede parecer trivial que alguien tenga que dejar una &#8216;afici\u00f3n&#8217; a cambio de mejorar su salud, pero no olvidemos que estamos hablando de ni\u00f1os. Es importante que sigan con su d\u00eda a d\u00eda, <a href=\"https:\/\/ziving.com\/ca\/ortodoncia-valencia\/ortodoncia-en-adolescentes-y-otros-consejos-de-salud-bucal-a-esta-edad\/\">que no se sientan distintos por llevar una ortodoncia<\/a> y que esta no les impida hacer lo que m\u00e1s les gusta.<\/p>\n<p>Es por creer firmemente en esto por lo que <strong>en nuestra cl\u00ednica de ortodoncia para ni\u00f1os en Valencia<\/strong> nos hemos especializado en el uso de Invisalign, porque queremos que los m\u00e1s peque\u00f1os sigan disfrutando de la vida mientras su sonrisa va mejorando poco a poco.<\/p>","protected":false},"excerpt":{"rendered":"<p>En nuestra cl\u00ednica de ortodoncia infantil en Valencia somos especialistas en Invisalign First. Lo mejor de este sistema de ortodoncia es que se puede quitar, por lo que si tu&#8230;<\/p>","protected":false},"author":1,"featured_media":2410,"comment_status":"open","ping_status":"open","sticky":false,"template":"","format":"standard","meta":{"_joinchat":[],"footnotes":""},"categories":[11],"tags":[60,63,64,68,41],"class_list":{"0":"post-4719","1":"post","2":"type-post","3":"status-publish","4":"format-standard","5":"has-post-thumbnail","7":"category-ortodoncia-valencia","8":"tag-invisalign-first-precio","9":"tag-invisalign-fotos-antes-y-despues","10":"tag-invisalign-opiniones-2019","11":"tag-invisalign-para-ninos-opiniones","12":"tag-invisalign-valencia-opiniones"},"_links":{"self":[{"href":"https:\/\/ziving.com\/ca\/wp-json\/wp\/v2\/posts\/4719","targetHints":{"allow":["GET"]}}],"collection":[{"href":"https:\/\/ziving.com\/ca\/wp-json\/wp\/v2\/posts"}],"about":[{"href":"https:\/\/ziving.com\/ca\/wp-json\/wp\/v2\/types\/post"}],"author":[{"embeddable":true,"href":"https:\/\/ziving.com\/ca\/wp-json\/wp\/v2\/users\/1"}],"replies":[{"embeddable":true,"href":"https:\/\/ziving.com\/ca\/wp-json\/wp\/v2\/comments?post=4719"}],"version-history":[{"count":2,"href":"https:\/\/ziving.com\/ca\/wp-json\/wp\/v2\/posts\/4719\/revisions"}],"predecessor-version":[{"id":5957,"href":"https:\/\/ziving.com\/ca\/wp-json\/wp\/v2\/posts\/4719\/revisions\/5957"}],"wp:featuredmedia":[{"embeddable":true,"href":"https:\/\/ziving.com\/ca\/wp-json\/wp\/v2\/media\/2410"}],"wp:attachment":[{"href":"https:\/\/ziving.com\/ca\/wp-json\/wp\/v2\/media?parent=4719"}],"wp:term":[{"taxonomy":"category","embeddable":true,"href":"https:\/\/ziving.com\/ca\/wp-json\/wp\/v2\/categories?post=4719"},{"taxonomy":"post_tag","embeddable":true,"href":"https:\/\/ziving.com\/ca\/wp-json\/wp\/v2\/tags?post=4719"}],"curies":[{"name":"wp","href":"https:\/\/api.w.org\/{rel}","templated":true}]}}