{"id":5266,"date":"2020-01-28T18:26:44","date_gmt":"2020-01-28T17:26:44","guid":{"rendered":"https:\/\/www.cbadia.com\/?p=5266"},"modified":"2021-04-26T17:58:18","modified_gmt":"2021-04-26T16:58:18","slug":"caries-en-ninos-de-6-a-12-anos-tratamiento-y-prevencion","status":"publish","type":"post","link":"https:\/\/ziving.com\/ca\/consejos\/caries-en-ninos-de-6-a-12-anos-tratamiento-y-prevencion\/","title":{"rendered":"Caries en ni\u00f1os de 6 a 12 a\u00f1os &#8211; Tratamiento y prevenci\u00f3n"},"content":{"rendered":"<p>Entre los seis y los 12 a\u00f1os es cuando los dientes de leche se intercambian por los dientes definitivos. Muchos padres creen que no hay que preocuparse por la posible presencia de caries hasta este periodo, pero eso es un error. La infecci\u00f3n que produce la caries en edades tempranas provoca dolor, p\u00e9rdida de dientes y alineaciones incorrectas de la dentici\u00f3n que arrastramos hasta estos a\u00f1os.<!--more--><\/p>\n<p>Cuando llegan los 6 o los 12 a\u00f1os los ni\u00f1os son un poquito m\u00e1s libres que antes. Es la etapa en la que empiezan a comer m\u00e1s chuches, van a fiestas de cumplea\u00f1os y se empiezan a escapar de nuestro control. Es por ello que la posibilidad de que contraigan una o m\u00e1s caries aumenta, \u00bfy c\u00f3mo luchar contra esto? Con educaci\u00f3n.<\/p>\n<p>Las caries se producen por la fermentaci\u00f3n de los az\u00facares de la comida que no se ha limpiado bien en la boca y que se quedan ah\u00ed, desgastando el esmalte poco a poco hasta da\u00f1ar el diente. <strong>Esto conlleva infecciones bacterianas<\/strong>, mucho dolor y la ca\u00edda del propio diente. El tratamiento requiere la intervenci\u00f3n del ortodoncista, diagnosticando y actuando directamente sobre el diente.<\/p>\n<h2><img decoding=\"async\" class=\"alignnone size-full wp-image-5050\" src=\"https:\/\/www.cbadia.com\/wp-content\/uploads\/2019\/10\/dientes-separados-de-leche.jpg\" alt=\"dientes separados de leche\" width=\"1024\" height=\"548\" \/>La prevenci\u00f3n de la caries es tan f\u00e1cil como tomar menos az\u00facar y limpiarse mejor los dientes<\/h2>\n<p>No es una operaci\u00f3n agradable para el ni\u00f1o, <a href=\"https:\/\/ziving.com\/ca\/ortodoncia-valencia\/conoces-los-beneficios-de-sonreir-y-ser-feliz-para-la-salud\/\">sobre todo en relaci\u00f3n a lo f\u00e1cil que resulta prevenir la caries<\/a>. La educaci\u00f3n que le des sobre limpieza bucal es una de las lecciones m\u00e1s importantes que le podr\u00e1s dar, pues le ahorrar\u00e1 muchos problemas bucales que son tan f\u00e1ciles de prevenir como moderando la ingesta de az\u00facar y limpi\u00e1ndose correctamente la boca.<\/p>\n<p>Por ello, ante la caries, lo mejor siempre es la prevenci\u00f3n. Visita nuestra cl\u00ednica de ortodoncia y dental en Valencia, te recomendaremos una buena pasta con el fl\u00faor que necesita para limpi\u00e1rselos bien, le explicaremos a tu hijo o hija c\u00f3mo hacer las repeticiones correctas con el cepillo y cu\u00e1l usar.<\/p>\n<p>Os aseguramos que con una buena preparaci\u00f3n, es muy posible que tu enano nunca tenga caries. Otro consejo estupendo es que <a href=\"https:\/\/ziving.com\/ca\/ortodoncia-valencia\/sabia-que-los-zumos-pueden-provocar-caries-dental-en-los-ninos-pequenos\/\">no beba demasiados refrescos ni zumos envasados.<\/a> A veces nos olvidamos que estas bebidas suelen contener m\u00e1s az\u00facar que incluso algunas gominolas.<\/p>","protected":false},"excerpt":{"rendered":"<p>Entre los seis y los 12 a\u00f1os es cuando los dientes de leche se intercambian por los dientes definitivos. Muchos padres creen que no hay que preocuparse por la posible&#8230;<\/p>","protected":false},"author":1,"featured_media":478,"comment_status":"open","ping_status":"open","sticky":false,"template":"","format":"standard","meta":{"_joinchat":[],"footnotes":""},"categories":[20],"tags":[52,51],"class_list":{"0":"post-5266","1":"post","2":"type-post","3":"status-publish","4":"format-standard","5":"has-post-thumbnail","7":"category-consejos","8":"tag-clinica-dental-infantil-valencia","9":"tag-odontologia-pediatrica-en-valencia"},"_links":{"self":[{"href":"https:\/\/ziving.com\/ca\/wp-json\/wp\/v2\/posts\/5266","targetHints":{"allow":["GET"]}}],"collection":[{"href":"https:\/\/ziving.com\/ca\/wp-json\/wp\/v2\/posts"}],"about":[{"href":"https:\/\/ziving.com\/ca\/wp-json\/wp\/v2\/types\/post"}],"author":[{"embeddable":true,"href":"https:\/\/ziving.com\/ca\/wp-json\/wp\/v2\/users\/1"}],"replies":[{"embeddable":true,"href":"https:\/\/ziving.com\/ca\/wp-json\/wp\/v2\/comments?post=5266"}],"version-history":[{"count":2,"href":"https:\/\/ziving.com\/ca\/wp-json\/wp\/v2\/posts\/5266\/revisions"}],"predecessor-version":[{"id":5913,"href":"https:\/\/ziving.com\/ca\/wp-json\/wp\/v2\/posts\/5266\/revisions\/5913"}],"wp:featuredmedia":[{"embeddable":true,"href":"https:\/\/ziving.com\/ca\/wp-json\/wp\/v2\/media\/478"}],"wp:attachment":[{"href":"https:\/\/ziving.com\/ca\/wp-json\/wp\/v2\/media?parent=5266"}],"wp:term":[{"taxonomy":"category","embeddable":true,"href":"https:\/\/ziving.com\/ca\/wp-json\/wp\/v2\/categories?post=5266"},{"taxonomy":"post_tag","embeddable":true,"href":"https:\/\/ziving.com\/ca\/wp-json\/wp\/v2\/tags?post=5266"}],"curies":[{"name":"wp","href":"https:\/\/api.w.org\/{rel}","templated":true}]}}