{"id":5726,"date":"2021-02-19T08:46:50","date_gmt":"2021-02-19T07:46:50","guid":{"rendered":"https:\/\/www.cbadia.com\/?p=5726"},"modified":"2021-04-26T16:53:48","modified_gmt":"2021-04-26T15:53:48","slug":"problemas-de-respirar-por-la-boca-en-ninos-y-adultos","status":"publish","type":"post","link":"https:\/\/ziving.com\/ca\/ortodoncia-valencia\/problemas-de-respirar-por-la-boca-en-ninos-y-adultos\/","title":{"rendered":"Problemas de respirar por la boca en ni\u00f1os y adultos"},"content":{"rendered":"<p>\u00bfQu\u00e9 problemas se producen en la formaci\u00f3n de nuestro rostro por culpa de la respiraci\u00f3n oral? \u00bfEs importante<strong> educar a los ni\u00f1os en la respiraci\u00f3n nasal<\/strong> en lugar de la oral? \u00bfY si respiran mucho por la boca? \u00bfEs conveniente corregir esta actitud?\u00a0<!--more--><\/p>\n<p>En la cl\u00ednica de ortodoncia en Valencia Ziving Bad\u00eda no solo nos preocupamos de dar el mejor tratamiento a vuestros hijos en lo relativo al uso de brackets o Invisalign. Una de nuestras prioridades es educar en la correcta salud e higiene dental y en los buenos h\u00e1bitos que impedir\u00e1n que el ni\u00f1o o la ni\u00f1a tenga problemas el d\u00eda de ma\u00f1ana.<\/p>\n<p>Uno de estos h\u00e1bitos es la respiraci\u00f3n oral. <a href=\"https:\/\/www.aepap.org\/sites\/default\/files\/209-221_obstruccion_de_la_via_aerea_superior.pdf\">Numerosos estudios han se\u00f1alado<\/a> que la respiraci\u00f3n oral continuada provoca deformidades dentofaciales derivadas de esta respiraci\u00f3n. Por supuesto, los ortodoncistas contamos con herramientas para corregirlas, pero lo mejor siempre es la prevenci\u00f3n.<\/p>\n<p>Las maloclusiones y alteraciones derivadas de esta cuesti\u00f3n son detectadas por pediatras de atenci\u00f3n primaria y corregidas por los ortodoncistas. Uno de los motivos por los que el ni\u00f1o est\u00e1 respirando solo por la boca es porque est\u00e1 sufriendo una obstrucci\u00f3n cr\u00f3nica de la VAS (v\u00eda a\u00e9rea superior), es decir, un s\u00edndrome de obstrucci\u00f3n respiratoria que hay que corregir.<\/p>\n<h2><img decoding=\"async\" class=\"alignnone size-full wp-image-5542 alignleft\" src=\"https:\/\/www.cbadia.com\/wp-content\/uploads\/2020\/07\/Post2.jpeg\" alt=\"\" width=\"750\" height=\"1125\" \/><\/h2>\n<h2>Una mala respiraci\u00f3n oral provoca trastornos de crecimiento maxilofacial<\/h2>\n<p>Algunos de los rasgos que presentan quienes padecen el s\u00edndrome de obstrucci\u00f3n respiratoria son:<\/p>\n<ul>\n<li>Tienen la cara algo inclinada hacia atr\u00e1s<\/li>\n<li>La forma de la cara es algo m\u00e1s larga y estrecha de lo normal<\/li>\n<li>Les cuesta sellar los labios entre s\u00ed<\/li>\n<li>El plano de la mand\u00edbula esta algo deprimido<\/li>\n<li>Mordida cruzada, abierta o compresi\u00f3n del maxilar<\/li>\n<li>Etc<\/li>\n<\/ul>\n<p>Es decir, a trav\u00e9s de un sencillo cambio en la forma de respirar, podr\u00e1s prevenir todos estos problemas. Tu hijo a\u00fan es joven, y corregir la forma en la que respira le ahorrar\u00e1 muchos problemas de esta \u00edndole. <strong>\u00bfY c\u00f3mo lograr que respire bien?<\/strong> \u00a1Pues ven a visitarnos! Te esperamos. Y ya que vienes a vernos, preg\u00fantanos por nuestros tratamientos para mamis ;), tambi\u00e9n te mereces un respiro.<\/p>","protected":false},"excerpt":{"rendered":"<p>\u00bfQu\u00e9 problemas se producen en la formaci\u00f3n de nuestro rostro por culpa de la respiraci\u00f3n oral? \u00bfEs importante educar a los ni\u00f1os en la respiraci\u00f3n nasal en lugar de la&#8230;<\/p>","protected":false},"author":1,"featured_media":3054,"comment_status":"open","ping_status":"open","sticky":false,"template":"","format":"standard","meta":{"_joinchat":[],"footnotes":""},"categories":[11],"tags":[125,38],"class_list":{"0":"post-5726","1":"post","2":"type-post","3":"status-publish","4":"format-standard","5":"has-post-thumbnail","7":"category-ortodoncia-valencia","8":"tag-ortodoncia-en-valencia","9":"tag-precios-odontopediatria-valencia"},"_links":{"self":[{"href":"https:\/\/ziving.com\/ca\/wp-json\/wp\/v2\/posts\/5726","targetHints":{"allow":["GET"]}}],"collection":[{"href":"https:\/\/ziving.com\/ca\/wp-json\/wp\/v2\/posts"}],"about":[{"href":"https:\/\/ziving.com\/ca\/wp-json\/wp\/v2\/types\/post"}],"author":[{"embeddable":true,"href":"https:\/\/ziving.com\/ca\/wp-json\/wp\/v2\/users\/1"}],"replies":[{"embeddable":true,"href":"https:\/\/ziving.com\/ca\/wp-json\/wp\/v2\/comments?post=5726"}],"version-history":[{"count":1,"href":"https:\/\/ziving.com\/ca\/wp-json\/wp\/v2\/posts\/5726\/revisions"}],"predecessor-version":[{"id":5738,"href":"https:\/\/ziving.com\/ca\/wp-json\/wp\/v2\/posts\/5726\/revisions\/5738"}],"wp:featuredmedia":[{"embeddable":true,"href":"https:\/\/ziving.com\/ca\/wp-json\/wp\/v2\/media\/3054"}],"wp:attachment":[{"href":"https:\/\/ziving.com\/ca\/wp-json\/wp\/v2\/media?parent=5726"}],"wp:term":[{"taxonomy":"category","embeddable":true,"href":"https:\/\/ziving.com\/ca\/wp-json\/wp\/v2\/categories?post=5726"},{"taxonomy":"post_tag","embeddable":true,"href":"https:\/\/ziving.com\/ca\/wp-json\/wp\/v2\/tags?post=5726"}],"curies":[{"name":"wp","href":"https:\/\/api.w.org\/{rel}","templated":true}]}}