{"id":7925,"date":"2022-03-20T17:31:55","date_gmt":"2022-03-20T16:31:55","guid":{"rendered":"https:\/\/ziving.com\/?p=7925"},"modified":"2022-03-14T17:35:05","modified_gmt":"2022-03-14T16:35:05","slug":"dia-mundial-de-la-salud-bucodental","status":"publish","type":"post","link":"https:\/\/ziving.com\/ca\/ortodoncia-lleida\/dia-mundial-de-la-salud-bucodental\/","title":{"rendered":"D\u00eda mundial de la salud bucodental"},"content":{"rendered":"<p>La sonrisa, la salud y el bienestar: eso y mucho m\u00e1s es lo que est\u00e1 en juego. \ud83d\ude32<br \/>\nSoy se celebra el d\u00eda mundial de la salud bucodental. Y si para los adultos es importante, \u00a1imagina para quienes est\u00e1n en pleno crecimiento! \ud83d\udc67\ud83e\uddd2<br \/>\nHoy queremos recordarte la importancia de llevar un control y hacer un seguimiento de la evoluci\u00f3n de la boca de los ni\u00f1os. \ud83e\uddb7\ud83e\ude7a<br \/>\nCada etapa de crecimiento tiene que ser vigilada para que nunca falten la sonrisa y la salud. \ud83d\ude03\ud83d\udc68\u200d\u2695\ufe0f<\/p>\n<p>Si nos sigues hace tiempo, ya sabes que aqu\u00ed trabajamos porque las visitas tambi\u00e9n sean divertidas y contribuyan al bienestar: ni nervios, ni malas caras. \ud83e\udd38\u200d\u2640\ufe0f\ud83e\udde1\ud83c\udfae<\/p>\n<p>Dinos qu\u00e9 edad tienen tus hijos y te contamos qu\u00e9 es lo que est\u00e1 ocurriendo en su boca.<\/p>","protected":false},"excerpt":{"rendered":"<p>La sonrisa, la salud y el bienestar: eso y mucho m\u00e1s es lo que est\u00e1 en juego. \ud83d\ude32 Soy se celebra el d\u00eda mundial de la salud bucodental. Y si&#8230;<\/p>","protected":false},"author":1,"featured_media":7926,"comment_status":"open","ping_status":"open","sticky":false,"template":"","format":"standard","meta":{"_joinchat":[],"footnotes":""},"categories":[9,13,15,7,18,14,10,16,8,12,11],"tags":[],"class_list":{"0":"post-7925","1":"post","2":"type-post","3":"status-publish","4":"format-standard","5":"has-post-thumbnail","7":"category-ortodoncia-barcelona","8":"category-ortodoncia-inca","9":"category-ortodoncia-las-palmas","10":"category-ortodoncia-lleida","11":"category-ortodoncia-madrid","12":"category-ortodoncia-palma-de-mallorca","13":"category-ortodoncia-sabadell","14":"category-ortodoncia-sevilla","15":"category-ortodoncia-tarragona","16":"category-ortodoncia-torrent","17":"category-ortodoncia-valencia"},"_links":{"self":[{"href":"https:\/\/ziving.com\/ca\/wp-json\/wp\/v2\/posts\/7925","targetHints":{"allow":["GET"]}}],"collection":[{"href":"https:\/\/ziving.com\/ca\/wp-json\/wp\/v2\/posts"}],"about":[{"href":"https:\/\/ziving.com\/ca\/wp-json\/wp\/v2\/types\/post"}],"author":[{"embeddable":true,"href":"https:\/\/ziving.com\/ca\/wp-json\/wp\/v2\/users\/1"}],"replies":[{"embeddable":true,"href":"https:\/\/ziving.com\/ca\/wp-json\/wp\/v2\/comments?post=7925"}],"version-history":[{"count":1,"href":"https:\/\/ziving.com\/ca\/wp-json\/wp\/v2\/posts\/7925\/revisions"}],"predecessor-version":[{"id":7927,"href":"https:\/\/ziving.com\/ca\/wp-json\/wp\/v2\/posts\/7925\/revisions\/7927"}],"wp:featuredmedia":[{"embeddable":true,"href":"https:\/\/ziving.com\/ca\/wp-json\/wp\/v2\/media\/7926"}],"wp:attachment":[{"href":"https:\/\/ziving.com\/ca\/wp-json\/wp\/v2\/media?parent=7925"}],"wp:term":[{"taxonomy":"category","embeddable":true,"href":"https:\/\/ziving.com\/ca\/wp-json\/wp\/v2\/categories?post=7925"},{"taxonomy":"post_tag","embeddable":true,"href":"https:\/\/ziving.com\/ca\/wp-json\/wp\/v2\/tags?post=7925"}],"curies":[{"name":"wp","href":"https:\/\/api.w.org\/{rel}","templated":true}]}}