{"id":8067,"date":"2022-06-29T15:22:38","date_gmt":"2022-06-29T14:22:38","guid":{"rendered":"https:\/\/ziving.com\/?p=8067"},"modified":"2022-06-27T15:26:14","modified_gmt":"2022-06-27T14:26:14","slug":"presupuesto-personalizado-y-completo","status":"publish","type":"post","link":"https:\/\/ziving.com\/en\/ortodoncia-lleida\/presupuesto-personalizado-y-completo\/","title":{"rendered":"Presupuesto personalizado y completo"},"content":{"rendered":"<p>Si tu peque necesita un tratamiento de ortodoncia, esta es la informaci\u00f3n que tienes que tener antes de tomar la decisi\u00f3n. \ud83d\udc69\u200d\u2695\ufe0f<br \/>\n1\ufe0f\u20e3 Diagn\u00f3stico.<br \/>\n2\ufe0f\u20e3 Objetivo del tratamiento.<br \/>\n3\ufe0f\u20e3 Duraci\u00f3n prevista.<br \/>\n4\ufe0f\u20e3 N\u00famero de visitas.<br \/>\n5\ufe0f\u20e3 Presupuesto cerrado y por escrito.<\/p>\n<p>Se trata de un proceso personalizado para cada paciente. \ud83e\uddb7<br \/>\nEn la primera visita se hacen las pruebas necesarias para el diagn\u00f3stico y preparamos toda la informaci\u00f3n para que seas t\u00fa quien tenga la \u00faltima palabra. \ud83e\udd14<br \/>\n\u00bfEmpezamos ya a cuidar la sonrisa de tu peque? \ud83d\ude03<\/p>\n<p>Pide cita y consigue tu valoraci\u00f3n personalizada. O escr\u00edbenos si tienes dudas.<\/p>","protected":false},"excerpt":{"rendered":"<p>Si tu peque necesita un tratamiento de ortodoncia, esta es la informaci\u00f3n que tienes que tener antes de tomar la decisi\u00f3n. \ud83d\udc69\u200d\u2695\ufe0f 1\ufe0f\u20e3 Diagn\u00f3stico. 2\ufe0f\u20e3 Objetivo del tratamiento. 3\ufe0f\u20e3 Duraci\u00f3n\u2026<\/p>","protected":false},"author":1,"featured_media":8069,"comment_status":"open","ping_status":"open","sticky":false,"template":"","format":"standard","meta":{"_joinchat":[],"footnotes":""},"categories":[9,13,15,7,18,14,10,16,8,32,12,11],"tags":[],"class_list":{"0":"post-8067","1":"post","2":"type-post","3":"status-publish","4":"format-standard","5":"has-post-thumbnail","7":"category-ortodoncia-barcelona","8":"category-ortodoncia-inca","9":"category-ortodoncia-las-palmas","10":"category-ortodoncia-lleida","11":"category-ortodoncia-madrid","12":"category-ortodoncia-palma-de-mallorca","13":"category-ortodoncia-sabadell","14":"category-ortodoncia-sevilla","15":"category-ortodoncia-tarragona","16":"category-terrassa","17":"category-ortodoncia-torrent","18":"category-ortodoncia-valencia"},"_links":{"self":[{"href":"https:\/\/ziving.com\/en\/wp-json\/wp\/v2\/posts\/8067","targetHints":{"allow":["GET"]}}],"collection":[{"href":"https:\/\/ziving.com\/en\/wp-json\/wp\/v2\/posts"}],"about":[{"href":"https:\/\/ziving.com\/en\/wp-json\/wp\/v2\/types\/post"}],"author":[{"embeddable":true,"href":"https:\/\/ziving.com\/en\/wp-json\/wp\/v2\/users\/1"}],"replies":[{"embeddable":true,"href":"https:\/\/ziving.com\/en\/wp-json\/wp\/v2\/comments?post=8067"}],"version-history":[{"count":1,"href":"https:\/\/ziving.com\/en\/wp-json\/wp\/v2\/posts\/8067\/revisions"}],"predecessor-version":[{"id":8070,"href":"https:\/\/ziving.com\/en\/wp-json\/wp\/v2\/posts\/8067\/revisions\/8070"}],"wp:featuredmedia":[{"embeddable":true,"href":"https:\/\/ziving.com\/en\/wp-json\/wp\/v2\/media\/8069"}],"wp:attachment":[{"href":"https:\/\/ziving.com\/en\/wp-json\/wp\/v2\/media?parent=8067"}],"wp:term":[{"taxonomy":"category","embeddable":true,"href":"https:\/\/ziving.com\/en\/wp-json\/wp\/v2\/categories?post=8067"},{"taxonomy":"post_tag","embeddable":true,"href":"https:\/\/ziving.com\/en\/wp-json\/wp\/v2\/tags?post=8067"}],"curies":[{"name":"wp","href":"https:\/\/api.w.org\/{rel}","templated":true}]}}