{"id":8115,"date":"2022-08-10T08:40:59","date_gmt":"2022-08-10T07:40:59","guid":{"rendered":"https:\/\/ziving.com\/?p=8115"},"modified":"2022-08-08T08:42:40","modified_gmt":"2022-08-08T07:42:40","slug":"ya-le-asoma-el-primer-diente","status":"publish","type":"post","link":"https:\/\/ziving.com\/en\/ortodoncia-lleida\/ya-le-asoma-el-primer-diente\/","title":{"rendered":"\u00bfYa le asoma el primer diente?"},"content":{"rendered":"<p>Cuando asoma el primer diente de un beb\u00e9 es el momento de comenzar nuevos h\u00e1bitos de higiene dental. \ud83d\udebc\ud83e\uddb7<br \/>\n\u00bfQuieres saber qu\u00e9 tienes que hacer para cuidar su boca?<\/p>\n<p>\u27a1\ufe0f Puedes empezar a usar un cepillo de dientes de peque\u00f1o tama\u00f1o y cerdas muy muy suaves.<\/p>\n<p>\u27a1\ufe0f No utilices pasta de dientes hasta que el peque\u00f1o no sepa escupir. As\u00ed evitas que se la trague.<\/p>\n<p>\u27a1\ufe0f Con la acci\u00f3n del cepillo deber\u00eda bastar para limpiar la superficie del diente.<\/p>\n<p>\u27a1\ufe0f Sigue masajeando las enc\u00edas y limpiando el interior de la boca del beb\u00e9 con una gasa h\u00fameda.<\/p>\n<p>Y lo m\u00e1s importante: no te pierdas ni un minuto de sus primeros a\u00f1os. \ud83e\udd70<br \/>\nAntes de lo que piensas tendr\u00e1s que llevarle a su primera revisi\u00f3n dental.<br \/>\n\u00bfCu\u00e1ntos dientes asoman ya por la boca de tu beb\u00e9?<\/p>","protected":false},"excerpt":{"rendered":"<p>Cuando asoma el primer diente de un beb\u00e9 es el momento de comenzar nuevos h\u00e1bitos de higiene dental. \ud83d\udebc\ud83e\uddb7 \u00bfQuieres saber qu\u00e9 tienes que hacer para cuidar su boca? \u27a1\ufe0f\u2026<\/p>","protected":false},"author":1,"featured_media":8116,"comment_status":"open","ping_status":"open","sticky":false,"template":"","format":"standard","meta":{"_joinchat":[],"footnotes":""},"categories":[9,13,15,7,14,10,16,8,12,11],"tags":[],"class_list":{"0":"post-8115","1":"post","2":"type-post","3":"status-publish","4":"format-standard","5":"has-post-thumbnail","7":"category-ortodoncia-barcelona","8":"category-ortodoncia-inca","9":"category-ortodoncia-las-palmas","10":"category-ortodoncia-lleida","11":"category-ortodoncia-palma-de-mallorca","12":"category-ortodoncia-sabadell","13":"category-ortodoncia-sevilla","14":"category-ortodoncia-tarragona","15":"category-ortodoncia-torrent","16":"category-ortodoncia-valencia"},"_links":{"self":[{"href":"https:\/\/ziving.com\/en\/wp-json\/wp\/v2\/posts\/8115","targetHints":{"allow":["GET"]}}],"collection":[{"href":"https:\/\/ziving.com\/en\/wp-json\/wp\/v2\/posts"}],"about":[{"href":"https:\/\/ziving.com\/en\/wp-json\/wp\/v2\/types\/post"}],"author":[{"embeddable":true,"href":"https:\/\/ziving.com\/en\/wp-json\/wp\/v2\/users\/1"}],"replies":[{"embeddable":true,"href":"https:\/\/ziving.com\/en\/wp-json\/wp\/v2\/comments?post=8115"}],"version-history":[{"count":1,"href":"https:\/\/ziving.com\/en\/wp-json\/wp\/v2\/posts\/8115\/revisions"}],"predecessor-version":[{"id":8117,"href":"https:\/\/ziving.com\/en\/wp-json\/wp\/v2\/posts\/8115\/revisions\/8117"}],"wp:featuredmedia":[{"embeddable":true,"href":"https:\/\/ziving.com\/en\/wp-json\/wp\/v2\/media\/8116"}],"wp:attachment":[{"href":"https:\/\/ziving.com\/en\/wp-json\/wp\/v2\/media?parent=8115"}],"wp:term":[{"taxonomy":"category","embeddable":true,"href":"https:\/\/ziving.com\/en\/wp-json\/wp\/v2\/categories?post=8115"},{"taxonomy":"post_tag","embeddable":true,"href":"https:\/\/ziving.com\/en\/wp-json\/wp\/v2\/tags?post=8115"}],"curies":[{"name":"wp","href":"https:\/\/api.w.org\/{rel}","templated":true}]}}