{"id":8124,"date":"2022-09-07T15:50:33","date_gmt":"2022-09-07T14:50:33","guid":{"rendered":"https:\/\/ziving.com\/?p=8124"},"modified":"2022-09-05T16:04:15","modified_gmt":"2022-09-05T15:04:15","slug":"7-anos-y-ronca","status":"publish","type":"post","link":"https:\/\/ziving.com\/en\/ortodoncia-lleida\/7-anos-y-ronca\/","title":{"rendered":"7 years old and snoring?"},"content":{"rendered":"<p>Si tu hijo o hija roncan de manera habitual, atiende. \u203c\ufe0f<br \/>\nLa causa puede estar en la forma del paladar y la soluci\u00f3n es m\u00e1s sencilla cuanto antes se corrija.<br \/>\nAlgunas personas, por causas gen\u00e9ticas, tienen el paladar estrecho. Esto supone que los dientes saldr\u00e1n mal colocados.<br \/>\nUn s\u00edntoma muy evidente es que roncan cuando duermen. \ud83d\udca4<br \/>\nEs una de las alteraciones que se pueden detectar entre los 7 y los 9 a\u00f1os.<br \/>\nA esa edad est\u00e1n a\u00fan en fase de desarrollo y la correcci\u00f3n es menos invasiva. \ud83e\uddb7<br \/>\nY los resultados tambi\u00e9n son mejores. \u2705<\/p>\n<p>No esperes para que un especialista en ortodoncia haga una revisi\u00f3n completa. \ud83d\udc68\u200d\u2695\ufe0f<\/p>\n<p>\u00bfSe escuchan ronquidos en casa por la noche o no? \ud83d\udc42<\/p>","protected":false},"excerpt":{"rendered":"<p>Si tu hijo o hija roncan de manera habitual, atiende. \u203c\ufe0f La causa puede estar en la forma del paladar y la soluci\u00f3n es m\u00e1s sencilla cuanto antes se corrija\u2026.<\/p>","protected":false},"author":1,"featured_media":8125,"comment_status":"open","ping_status":"open","sticky":false,"template":"","format":"standard","meta":{"_joinchat":[],"footnotes":""},"categories":[9,13,15,7,14,10,16,8,12,11],"tags":[],"class_list":{"0":"post-8124","1":"post","2":"type-post","3":"status-publish","4":"format-standard","5":"has-post-thumbnail","7":"category-ortodoncia-barcelona","8":"category-ortodoncia-inca","9":"category-ortodoncia-las-palmas","10":"category-ortodoncia-lleida","11":"category-ortodoncia-palma-de-mallorca","12":"category-ortodoncia-sabadell","13":"category-ortodoncia-sevilla","14":"category-ortodoncia-tarragona","15":"category-ortodoncia-torrent","16":"category-ortodoncia-valencia"},"_links":{"self":[{"href":"https:\/\/ziving.com\/en\/wp-json\/wp\/v2\/posts\/8124","targetHints":{"allow":["GET"]}}],"collection":[{"href":"https:\/\/ziving.com\/en\/wp-json\/wp\/v2\/posts"}],"about":[{"href":"https:\/\/ziving.com\/en\/wp-json\/wp\/v2\/types\/post"}],"author":[{"embeddable":true,"href":"https:\/\/ziving.com\/en\/wp-json\/wp\/v2\/users\/1"}],"replies":[{"embeddable":true,"href":"https:\/\/ziving.com\/en\/wp-json\/wp\/v2\/comments?post=8124"}],"version-history":[{"count":1,"href":"https:\/\/ziving.com\/en\/wp-json\/wp\/v2\/posts\/8124\/revisions"}],"predecessor-version":[{"id":8126,"href":"https:\/\/ziving.com\/en\/wp-json\/wp\/v2\/posts\/8124\/revisions\/8126"}],"wp:featuredmedia":[{"embeddable":true,"href":"https:\/\/ziving.com\/en\/wp-json\/wp\/v2\/media\/8125"}],"wp:attachment":[{"href":"https:\/\/ziving.com\/en\/wp-json\/wp\/v2\/media?parent=8124"}],"wp:term":[{"taxonomy":"category","embeddable":true,"href":"https:\/\/ziving.com\/en\/wp-json\/wp\/v2\/categories?post=8124"},{"taxonomy":"post_tag","embeddable":true,"href":"https:\/\/ziving.com\/en\/wp-json\/wp\/v2\/tags?post=8124"}],"curies":[{"name":"wp","href":"https:\/\/api.w.org\/{rel}","templated":true}]}}