{"id":8132,"date":"2022-09-14T15:09:29","date_gmt":"2022-09-14T14:09:29","guid":{"rendered":"https:\/\/ziving.com\/?p=8132"},"modified":"2022-09-12T15:11:12","modified_gmt":"2022-09-12T14:11:12","slug":"no-es-un-poco-pronto-para-dentistas","status":"publish","type":"post","link":"https:\/\/ziving.com\/en\/ortodoncia-lleida\/no-es-un-poco-pronto-para-dentistas\/","title":{"rendered":"Isn't it a bit early for dentists?"},"content":{"rendered":"<p>Los 5 a\u00f1os es la edad ideal para la primera revisi\u00f3n con el dentista. Entonces\u2026 \u00bfAntes no hay que llevarlos?<br \/>\nDesde la aparici\u00f3n del los primeros dientecitos, tienes que cuidar mucho la limpieza bucal de tu beb\u00e9. \ud83d\udebc<br \/>\nAcudir a un dentista especializado tiene sus ventajas:<br \/>\nTraer a Ziving a tu peque y hablar con un especialista en odontopediatr\u00eda te dar\u00e1 la seguridad de estar haci\u00e9ndolo bien. \ud83e\udea5<br \/>\nHasta los 5 a\u00f1os podemos detectar las primeras alteraciones en la formaci\u00f3n bucal y hacer un seguimiento. \ud83d\udc68\u200d\u2695\ufe0f<br \/>\nTe ayudaremos tambi\u00e9n a crear esos buenos h\u00e1bitos de higiene y evitaremos las caries. \ud83e\uddb7<\/p>\n<p>\u00bfA qu\u00e9 esperas para acudir al dentista con tu peque?<\/p>","protected":false},"excerpt":{"rendered":"<p>Los 5 a\u00f1os es la edad ideal para la primera revisi\u00f3n con el dentista. Entonces\u2026 \u00bfAntes no hay que llevarlos? Desde la aparici\u00f3n del los primeros dientecitos, tienes que cuidar\u2026<\/p>","protected":false},"author":1,"featured_media":8133,"comment_status":"open","ping_status":"open","sticky":false,"template":"","format":"standard","meta":{"_joinchat":[],"footnotes":""},"categories":[9,13,15,7,14,10,16,8,12,11],"tags":[],"class_list":{"0":"post-8132","1":"post","2":"type-post","3":"status-publish","4":"format-standard","5":"has-post-thumbnail","7":"category-ortodoncia-barcelona","8":"category-ortodoncia-inca","9":"category-ortodoncia-las-palmas","10":"category-ortodoncia-lleida","11":"category-ortodoncia-palma-de-mallorca","12":"category-ortodoncia-sabadell","13":"category-ortodoncia-sevilla","14":"category-ortodoncia-tarragona","15":"category-ortodoncia-torrent","16":"category-ortodoncia-valencia"},"_links":{"self":[{"href":"https:\/\/ziving.com\/en\/wp-json\/wp\/v2\/posts\/8132","targetHints":{"allow":["GET"]}}],"collection":[{"href":"https:\/\/ziving.com\/en\/wp-json\/wp\/v2\/posts"}],"about":[{"href":"https:\/\/ziving.com\/en\/wp-json\/wp\/v2\/types\/post"}],"author":[{"embeddable":true,"href":"https:\/\/ziving.com\/en\/wp-json\/wp\/v2\/users\/1"}],"replies":[{"embeddable":true,"href":"https:\/\/ziving.com\/en\/wp-json\/wp\/v2\/comments?post=8132"}],"version-history":[{"count":1,"href":"https:\/\/ziving.com\/en\/wp-json\/wp\/v2\/posts\/8132\/revisions"}],"predecessor-version":[{"id":8134,"href":"https:\/\/ziving.com\/en\/wp-json\/wp\/v2\/posts\/8132\/revisions\/8134"}],"wp:featuredmedia":[{"embeddable":true,"href":"https:\/\/ziving.com\/en\/wp-json\/wp\/v2\/media\/8133"}],"wp:attachment":[{"href":"https:\/\/ziving.com\/en\/wp-json\/wp\/v2\/media?parent=8132"}],"wp:term":[{"taxonomy":"category","embeddable":true,"href":"https:\/\/ziving.com\/en\/wp-json\/wp\/v2\/categories?post=8132"},{"taxonomy":"post_tag","embeddable":true,"href":"https:\/\/ziving.com\/en\/wp-json\/wp\/v2\/tags?post=8132"}],"curies":[{"name":"wp","href":"https:\/\/api.w.org\/{rel}","templated":true}]}}