{"id":8142,"date":"2022-09-19T15:45:40","date_gmt":"2022-09-19T14:45:40","guid":{"rendered":"https:\/\/ziving.com\/?p=8142"},"modified":"2022-09-19T15:45:40","modified_gmt":"2022-09-19T14:45:40","slug":"5-pistas-para-saber-si-un-nino-necesita-ortodoncia","status":"publish","type":"post","link":"https:\/\/ziving.com\/en\/ortodoncia-lleida\/5-pistas-para-saber-si-un-nino-necesita-ortodoncia\/","title":{"rendered":"5 pistas para saber si un ni\u00f1o necesita ortodoncia."},"content":{"rendered":"<p>Hay que hacer un seguimiento del crecimiento de los ni\u00f1os. Todo su cuerpo est\u00e1 en pleno desarrollo. Tambi\u00e9n su boca. \ud83d\udc44<br \/>\nExisten algunos indicadores que te pueden avisar de que tu hijo o hija puede necesitar correcciones para sus dientes. \ud83d\ude32<\/p>\n<p>Estos son 5 s\u00edntomas que se aprecian a simple vista:<br \/>\n1\ufe0f\u20e3 Respira por la boca en lugar de por la nariz.<br \/>\n2\ufe0f\u20e3 Api\u00f1amiento: puede que le falte espacio.<br \/>\n3\ufe0f\u20e3 Dientes separados, conocido como diastema.<br \/>\n4\ufe0f\u20e3 Asimetr\u00edas: debido a la mand\u00edbula o a un tama\u00f1o irregular en los dientes.<br \/>\n5\ufe0f\u20e3 Incisivos adelantados en exceso, o demasiado retra\u00eddos respecto a los incisivos inferiores.<\/p>\n<p>A la m\u00ednima se\u00f1al o duda de que alguno de esos s\u00edntomas se est\u00e1n manifestando, ven a vernos. \ud83d\udc68\u200d\u2695\ufe0f<br \/>\nUna detecci\u00f3n temprana evita empeoramientos y problemas en el futuro. \ud83e\uddb7<\/p>\n<p>\u00bfCon qu\u00e9 frecuencia revisas la boca de tu peque?<\/p>","protected":false},"excerpt":{"rendered":"<p>Hay que hacer un seguimiento del crecimiento de los ni\u00f1os. Todo su cuerpo est\u00e1 en pleno desarrollo. Tambi\u00e9n su boca. \ud83d\udc44 Existen algunos indicadores que te pueden avisar de que\u2026<\/p>","protected":false},"author":1,"featured_media":8143,"comment_status":"open","ping_status":"open","sticky":false,"template":"","format":"standard","meta":{"_joinchat":[],"footnotes":""},"categories":[9,13,15,7,14,10,16,8,12,11],"tags":[],"class_list":{"0":"post-8142","1":"post","2":"type-post","3":"status-publish","4":"format-standard","5":"has-post-thumbnail","7":"category-ortodoncia-barcelona","8":"category-ortodoncia-inca","9":"category-ortodoncia-las-palmas","10":"category-ortodoncia-lleida","11":"category-ortodoncia-palma-de-mallorca","12":"category-ortodoncia-sabadell","13":"category-ortodoncia-sevilla","14":"category-ortodoncia-tarragona","15":"category-ortodoncia-torrent","16":"category-ortodoncia-valencia"},"_links":{"self":[{"href":"https:\/\/ziving.com\/en\/wp-json\/wp\/v2\/posts\/8142","targetHints":{"allow":["GET"]}}],"collection":[{"href":"https:\/\/ziving.com\/en\/wp-json\/wp\/v2\/posts"}],"about":[{"href":"https:\/\/ziving.com\/en\/wp-json\/wp\/v2\/types\/post"}],"author":[{"embeddable":true,"href":"https:\/\/ziving.com\/en\/wp-json\/wp\/v2\/users\/1"}],"replies":[{"embeddable":true,"href":"https:\/\/ziving.com\/en\/wp-json\/wp\/v2\/comments?post=8142"}],"version-history":[{"count":1,"href":"https:\/\/ziving.com\/en\/wp-json\/wp\/v2\/posts\/8142\/revisions"}],"predecessor-version":[{"id":8144,"href":"https:\/\/ziving.com\/en\/wp-json\/wp\/v2\/posts\/8142\/revisions\/8144"}],"wp:featuredmedia":[{"embeddable":true,"href":"https:\/\/ziving.com\/en\/wp-json\/wp\/v2\/media\/8143"}],"wp:attachment":[{"href":"https:\/\/ziving.com\/en\/wp-json\/wp\/v2\/media?parent=8142"}],"wp:term":[{"taxonomy":"category","embeddable":true,"href":"https:\/\/ziving.com\/en\/wp-json\/wp\/v2\/categories?post=8142"},{"taxonomy":"post_tag","embeddable":true,"href":"https:\/\/ziving.com\/en\/wp-json\/wp\/v2\/tags?post=8142"}],"curies":[{"name":"wp","href":"https:\/\/api.w.org\/{rel}","templated":true}]}}