{"id":8158,"date":"2022-10-05T14:23:13","date_gmt":"2022-10-05T13:23:13","guid":{"rendered":"https:\/\/ziving.com\/?p=8158"},"modified":"2022-10-03T14:24:54","modified_gmt":"2022-10-03T13:24:54","slug":"entre-7-y-9-anos-los-dientes-rectos-y-nivelados","status":"publish","type":"post","link":"https:\/\/ziving.com\/en\/ortodoncia-lleida\/entre-7-y-9-anos-los-dientes-rectos-y-nivelados\/","title":{"rendered":"Entre 7 y 9 a\u00f1os, los dientes rectos y nivelados."},"content":{"rendered":"<p>Lo ideal no siempre ocurre. Cuando hablamos de una boca sana, tampoco. \ud83d\udc44<br \/>\nEn una situaci\u00f3n ideal, cuando los ni\u00f1os y ni\u00f1as cumplen los 7 a\u00f1os (y hasta los 9) y ya les han salido todos los incisivos definitivos, los tienen rectos y nivelados. \u2705<br \/>\nOjal\u00e1 fuese siempre as\u00ed.<br \/>\nPero en muchos casos aparecen dientes desplazados o torcidos. \ud83e\uddb7<br \/>\nEl motivo es que no hay espacio suficiente y es f\u00e1cil de resolver. \ud83d\ude03<br \/>\nPara evitar tener que hacer extracciones en el futuro, se puede ayudar a aumentar el espacio con un tratamiento muy sencillo. \ud83d\udc68\u200d\u2695\ufe0f<br \/>\nEste es el mejor momento para evitar despu\u00e9s soluciones m\u00e1s invasivas. Ahora que los ni\u00f1os est\u00e1n en pleno desarrollo y crecimiento. \ud83d\udc67\ud83e\uddd2<\/p>\n<p>Revisa la boca de tu hijo y recuerda que puedes consultarnos tus dudas online.<\/p>","protected":false},"excerpt":{"rendered":"<p>Lo ideal no siempre ocurre. Cuando hablamos de una boca sana, tampoco. \ud83d\udc44 En una situaci\u00f3n ideal, cuando los ni\u00f1os y ni\u00f1as cumplen los 7 a\u00f1os (y hasta los 9)\u2026<\/p>","protected":false},"author":1,"featured_media":8159,"comment_status":"open","ping_status":"open","sticky":false,"template":"","format":"standard","meta":{"_joinchat":[],"footnotes":""},"categories":[9,13,15,7,14,10,16,8,12,11],"tags":[],"class_list":{"0":"post-8158","1":"post","2":"type-post","3":"status-publish","4":"format-standard","5":"has-post-thumbnail","7":"category-ortodoncia-barcelona","8":"category-ortodoncia-inca","9":"category-ortodoncia-las-palmas","10":"category-ortodoncia-lleida","11":"category-ortodoncia-palma-de-mallorca","12":"category-ortodoncia-sabadell","13":"category-ortodoncia-sevilla","14":"category-ortodoncia-tarragona","15":"category-ortodoncia-torrent","16":"category-ortodoncia-valencia"},"_links":{"self":[{"href":"https:\/\/ziving.com\/en\/wp-json\/wp\/v2\/posts\/8158","targetHints":{"allow":["GET"]}}],"collection":[{"href":"https:\/\/ziving.com\/en\/wp-json\/wp\/v2\/posts"}],"about":[{"href":"https:\/\/ziving.com\/en\/wp-json\/wp\/v2\/types\/post"}],"author":[{"embeddable":true,"href":"https:\/\/ziving.com\/en\/wp-json\/wp\/v2\/users\/1"}],"replies":[{"embeddable":true,"href":"https:\/\/ziving.com\/en\/wp-json\/wp\/v2\/comments?post=8158"}],"version-history":[{"count":1,"href":"https:\/\/ziving.com\/en\/wp-json\/wp\/v2\/posts\/8158\/revisions"}],"predecessor-version":[{"id":8160,"href":"https:\/\/ziving.com\/en\/wp-json\/wp\/v2\/posts\/8158\/revisions\/8160"}],"wp:featuredmedia":[{"embeddable":true,"href":"https:\/\/ziving.com\/en\/wp-json\/wp\/v2\/media\/8159"}],"wp:attachment":[{"href":"https:\/\/ziving.com\/en\/wp-json\/wp\/v2\/media?parent=8158"}],"wp:term":[{"taxonomy":"category","embeddable":true,"href":"https:\/\/ziving.com\/en\/wp-json\/wp\/v2\/categories?post=8158"},{"taxonomy":"post_tag","embeddable":true,"href":"https:\/\/ziving.com\/en\/wp-json\/wp\/v2\/tags?post=8158"}],"curies":[{"name":"wp","href":"https:\/\/api.w.org\/{rel}","templated":true}]}}