{"id":8167,"date":"2022-10-10T14:51:29","date_gmt":"2022-10-10T13:51:29","guid":{"rendered":"https:\/\/ziving.com\/?p=8167"},"modified":"2022-10-10T14:51:29","modified_gmt":"2022-10-10T13:51:29","slug":"la-revolucion-adolescente","status":"publish","type":"post","link":"https:\/\/ziving.com\/en\/ortodoncia-lleida\/la-revolucion-adolescente\/","title":{"rendered":"La revoluci\u00f3n adolescente."},"content":{"rendered":"<p>\u00a1Qu\u00e9 edad m\u00e1s dif\u00edcil, la adolescencia! No solo para ti como madre o padre, tambi\u00e9n para ellos. \ud83e\udd2f<br \/>\nEs un momento de transici\u00f3n de la etapa infantil a la de adulto. \ud83d\udc67\u27a1\ufe0f\ud83d\udc69\ud83c\udffd<br \/>\nHa llegado el momento de que empiecen a volar solos y a tomar las primeras decisiones sobre su vida.<br \/>\nPara bien o para mal, tienen que empezar a asumir las consecuencias de sus actos. \ud83d\ude25<br \/>\nA veces aparecen nuevos (malos) h\u00e1bitos, como el de fumar o el rechinar de dientes, que afectan a su salud bucal. \ud83e\uddb7<br \/>\nUn profesional de la ortodoncia es capaz de detectarlo si examina su boca. Y de aconsejarle para que no baje la guardia para mantener una bonita sonrisa. \ud83d\udc44<br \/>\nEn Ziving tambi\u00e9n sabemos c\u00f3mo tratar a los adolescentes de la familia y darles toda la informaci\u00f3n sobre salud dental, para que tomen sus decisiones de una manera consciente. \ud83d\udc68\u200d\u2695\ufe0f<\/p>\n<p>\u00bfTienes un adolescente en casa? \u00bfTe escucha como antes?<\/p>","protected":false},"excerpt":{"rendered":"<p>\u00a1Qu\u00e9 edad m\u00e1s dif\u00edcil, la adolescencia! No solo para ti como madre o padre, tambi\u00e9n para ellos. \ud83e\udd2f Es un momento de transici\u00f3n de la etapa infantil a la de\u2026<\/p>","protected":false},"author":1,"featured_media":8168,"comment_status":"open","ping_status":"open","sticky":false,"template":"","format":"standard","meta":{"_joinchat":[],"footnotes":""},"categories":[9,13,15,7,14,10,16,8,12,11],"tags":[],"class_list":{"0":"post-8167","1":"post","2":"type-post","3":"status-publish","4":"format-standard","5":"has-post-thumbnail","7":"category-ortodoncia-barcelona","8":"category-ortodoncia-inca","9":"category-ortodoncia-las-palmas","10":"category-ortodoncia-lleida","11":"category-ortodoncia-palma-de-mallorca","12":"category-ortodoncia-sabadell","13":"category-ortodoncia-sevilla","14":"category-ortodoncia-tarragona","15":"category-ortodoncia-torrent","16":"category-ortodoncia-valencia"},"_links":{"self":[{"href":"https:\/\/ziving.com\/en\/wp-json\/wp\/v2\/posts\/8167","targetHints":{"allow":["GET"]}}],"collection":[{"href":"https:\/\/ziving.com\/en\/wp-json\/wp\/v2\/posts"}],"about":[{"href":"https:\/\/ziving.com\/en\/wp-json\/wp\/v2\/types\/post"}],"author":[{"embeddable":true,"href":"https:\/\/ziving.com\/en\/wp-json\/wp\/v2\/users\/1"}],"replies":[{"embeddable":true,"href":"https:\/\/ziving.com\/en\/wp-json\/wp\/v2\/comments?post=8167"}],"version-history":[{"count":1,"href":"https:\/\/ziving.com\/en\/wp-json\/wp\/v2\/posts\/8167\/revisions"}],"predecessor-version":[{"id":8169,"href":"https:\/\/ziving.com\/en\/wp-json\/wp\/v2\/posts\/8167\/revisions\/8169"}],"wp:featuredmedia":[{"embeddable":true,"href":"https:\/\/ziving.com\/en\/wp-json\/wp\/v2\/media\/8168"}],"wp:attachment":[{"href":"https:\/\/ziving.com\/en\/wp-json\/wp\/v2\/media?parent=8167"}],"wp:term":[{"taxonomy":"category","embeddable":true,"href":"https:\/\/ziving.com\/en\/wp-json\/wp\/v2\/categories?post=8167"},{"taxonomy":"post_tag","embeddable":true,"href":"https:\/\/ziving.com\/en\/wp-json\/wp\/v2\/tags?post=8167"}],"curies":[{"name":"wp","href":"https:\/\/api.w.org\/{rel}","templated":true}]}}