{"id":8209,"date":"2022-11-07T16:17:06","date_gmt":"2022-11-07T15:17:06","guid":{"rendered":"https:\/\/ziving.com\/?p=8209"},"modified":"2022-11-07T16:17:06","modified_gmt":"2022-11-07T15:17:06","slug":"adolescente-rebelde","status":"publish","type":"post","link":"https:\/\/ziving.com\/en\/ortodoncia-lleida\/adolescente-rebelde\/","title":{"rendered":"\u00bfAdolescente rebelde?"},"content":{"rendered":"<p>\u00bfTu hijo adolescente, de la noche a la ma\u00f1ana, te dice que no quiere hacer algo que hasta ayer le encantaba? \ud83d\ude35<br \/>\nLa etapa adolescente es una de las m\u00e1s delicadas de la vida. Si tienes un hijo en esta edad, lo sabes de sobra. \ud83d\ude05<br \/>\nEl grado de madurez no tiene que ver con la edad, sino con el car\u00e1cter.<br \/>\nEn la adolescencia empiezan a sentirse inc\u00f3modos en entornos con actividades m\u00e1s propias de ni\u00f1os que de adultos. \ud83e\uddf8<br \/>\nEn Ziving somos conscientes de que esto ocurre y tenemos la soluci\u00f3n perfecta para que NUNCA dejen de cuidar su boca y acudir a revisiones:<\/p>\n<p>\u27a1\ufe0f pueden pasar a Dental Spa<br \/>\nUn entorno pensado para los adultos de la familia.<br \/>\n\ud83d\udeaa Ambos centros est\u00e1n separados por una puerta. As\u00ed de sencillo.<\/p>\n<p>Cuidamos la sonrisa de familias enteras, cada miembro en el ambiente en el que m\u00e1s c\u00f3modo se siente. \ud83d\udc68\u200d\ud83d\udc68\u200d\ud83d\udc67\u200d\ud83d\udc66<\/p>\n<p>Y t\u00fa, \u00bfc\u00f3mo te organizas para que TODA la familia vaya CON GANAS al dentista?<\/p>","protected":false},"excerpt":{"rendered":"<p>\u00bfTu hijo adolescente, de la noche a la ma\u00f1ana, te dice que no quiere hacer algo que hasta ayer le encantaba? \ud83d\ude35 La etapa adolescente es una de las m\u00e1s\u2026<\/p>","protected":false},"author":1,"featured_media":8210,"comment_status":"open","ping_status":"open","sticky":false,"template":"","format":"standard","meta":{"_joinchat":[],"footnotes":""},"categories":[9,13,15,7,14,10,16,8,12,11],"tags":[],"class_list":{"0":"post-8209","1":"post","2":"type-post","3":"status-publish","4":"format-standard","5":"has-post-thumbnail","7":"category-ortodoncia-barcelona","8":"category-ortodoncia-inca","9":"category-ortodoncia-las-palmas","10":"category-ortodoncia-lleida","11":"category-ortodoncia-palma-de-mallorca","12":"category-ortodoncia-sabadell","13":"category-ortodoncia-sevilla","14":"category-ortodoncia-tarragona","15":"category-ortodoncia-torrent","16":"category-ortodoncia-valencia"},"_links":{"self":[{"href":"https:\/\/ziving.com\/en\/wp-json\/wp\/v2\/posts\/8209","targetHints":{"allow":["GET"]}}],"collection":[{"href":"https:\/\/ziving.com\/en\/wp-json\/wp\/v2\/posts"}],"about":[{"href":"https:\/\/ziving.com\/en\/wp-json\/wp\/v2\/types\/post"}],"author":[{"embeddable":true,"href":"https:\/\/ziving.com\/en\/wp-json\/wp\/v2\/users\/1"}],"replies":[{"embeddable":true,"href":"https:\/\/ziving.com\/en\/wp-json\/wp\/v2\/comments?post=8209"}],"version-history":[{"count":1,"href":"https:\/\/ziving.com\/en\/wp-json\/wp\/v2\/posts\/8209\/revisions"}],"predecessor-version":[{"id":8211,"href":"https:\/\/ziving.com\/en\/wp-json\/wp\/v2\/posts\/8209\/revisions\/8211"}],"wp:featuredmedia":[{"embeddable":true,"href":"https:\/\/ziving.com\/en\/wp-json\/wp\/v2\/media\/8210"}],"wp:attachment":[{"href":"https:\/\/ziving.com\/en\/wp-json\/wp\/v2\/media?parent=8209"}],"wp:term":[{"taxonomy":"category","embeddable":true,"href":"https:\/\/ziving.com\/en\/wp-json\/wp\/v2\/categories?post=8209"},{"taxonomy":"post_tag","embeddable":true,"href":"https:\/\/ziving.com\/en\/wp-json\/wp\/v2\/tags?post=8209"}],"curies":[{"name":"wp","href":"https:\/\/api.w.org\/{rel}","templated":true}]}}