{"id":8278,"date":"2023-01-02T16:03:30","date_gmt":"2023-01-02T15:03:30","guid":{"rendered":"https:\/\/ziving.com\/?p=8278"},"modified":"2023-01-02T16:03:30","modified_gmt":"2023-01-02T15:03:30","slug":"se-le-ha-caido-el-primer-dienteque-hago","status":"publish","type":"post","link":"https:\/\/ziving.com\/en\/ortodoncia-lleida\/se-le-ha-caido-el-primer-dienteque-hago\/","title":{"rendered":"His first tooth has fallen out, what should I do?"},"content":{"rendered":"<p>\u00bfNo sabes c\u00f3mo reaccionar ante la ca\u00edda del primer diente de tu peque? \u00bfSabes si tienes que ir al dentista o no? \ud83e\udd14\ud83e\udd37<br \/>\nResolvamos tus dudas. \u2705<br \/>\nSab\u00edas que iba a llegar ese momento, la primera visita del Ratoncito P\u00e9rez a casa. \u00a1Qu\u00e9 ilusi\u00f3n y qu\u00e9 nervios! \ud83d\udc2d<br \/>\n\u00bfQu\u00e9 hacer? Lo primero y fundamental, disfruta de ese momento de fantas\u00eda. \ud83e\udd29<br \/>\nNo es imprescindible que acudas corriendo al dentista para la primera revisi\u00f3n, pero tampoco lo dejes para mucho m\u00e1s adelante. \ud83d\udc68\u200d\u2695\ufe0f\ud83d\udcc5<br \/>\nAhora que van a empezar a salir los dientes definitivos, es el mejor momento para hacer una evaluaci\u00f3n del desarrollo del paladar, comprobar el espacio en las mand\u00edbulas y que est\u00e1 creciendo con normalidad. \ud83e\uddb7<\/p>\n<p>\ud83d\udc4c Entre los 5 y los 6 a\u00f1os es la edad recomendada para esa primera visita al odontopediatra.<\/p>\n<p>\u00bfQu\u00e9 edad tiene ahora tu peque? \u00bfYa sabe lo que es un dentista?<\/p>","protected":false},"excerpt":{"rendered":"<p>\u00bfNo sabes c\u00f3mo reaccionar ante la ca\u00edda del primer diente de tu peque? \u00bfSabes si tienes que ir al dentista o no? \ud83e\udd14\ud83e\udd37 Resolvamos tus dudas. \u2705 Sab\u00edas que iba\u2026<\/p>","protected":false},"author":1,"featured_media":8279,"comment_status":"open","ping_status":"open","sticky":false,"template":"","format":"standard","meta":{"_joinchat":[],"footnotes":""},"categories":[9,13,15,7,14,10,16,8,12,11,23],"tags":[],"class_list":{"0":"post-8278","1":"post","2":"type-post","3":"status-publish","4":"format-standard","5":"has-post-thumbnail","7":"category-ortodoncia-barcelona","8":"category-ortodoncia-inca","9":"category-ortodoncia-las-palmas","10":"category-ortodoncia-lleida","11":"category-ortodoncia-palma-de-mallorca","12":"category-ortodoncia-sabadell","13":"category-ortodoncia-sevilla","14":"category-ortodoncia-tarragona","15":"category-ortodoncia-torrent","16":"category-ortodoncia-valencia","17":"category-ziving"},"_links":{"self":[{"href":"https:\/\/ziving.com\/en\/wp-json\/wp\/v2\/posts\/8278","targetHints":{"allow":["GET"]}}],"collection":[{"href":"https:\/\/ziving.com\/en\/wp-json\/wp\/v2\/posts"}],"about":[{"href":"https:\/\/ziving.com\/en\/wp-json\/wp\/v2\/types\/post"}],"author":[{"embeddable":true,"href":"https:\/\/ziving.com\/en\/wp-json\/wp\/v2\/users\/1"}],"replies":[{"embeddable":true,"href":"https:\/\/ziving.com\/en\/wp-json\/wp\/v2\/comments?post=8278"}],"version-history":[{"count":1,"href":"https:\/\/ziving.com\/en\/wp-json\/wp\/v2\/posts\/8278\/revisions"}],"predecessor-version":[{"id":8280,"href":"https:\/\/ziving.com\/en\/wp-json\/wp\/v2\/posts\/8278\/revisions\/8280"}],"wp:featuredmedia":[{"embeddable":true,"href":"https:\/\/ziving.com\/en\/wp-json\/wp\/v2\/media\/8279"}],"wp:attachment":[{"href":"https:\/\/ziving.com\/en\/wp-json\/wp\/v2\/media?parent=8278"}],"wp:term":[{"taxonomy":"category","embeddable":true,"href":"https:\/\/ziving.com\/en\/wp-json\/wp\/v2\/categories?post=8278"},{"taxonomy":"post_tag","embeddable":true,"href":"https:\/\/ziving.com\/en\/wp-json\/wp\/v2\/tags?post=8278"}],"curies":[{"name":"wp","href":"https:\/\/api.w.org\/{rel}","templated":true}]}}