{"id":8339,"date":"2023-02-27T16:06:54","date_gmt":"2023-02-27T15:06:54","guid":{"rendered":"https:\/\/ziving.com\/?p=8339"},"modified":"2023-02-07T16:09:40","modified_gmt":"2023-02-07T15:09:40","slug":"que-comer-si-te-acaban-de-poner-los-brackets","status":"publish","type":"post","link":"https:\/\/ziving.com\/en\/ortodoncia-lleida\/que-comer-si-te-acaban-de-poner-los-brackets\/","title":{"rendered":"Qu\u00e9 comer si te acaban de poner los brackets."},"content":{"rendered":"<p>\u201c\u00bfPuede comer de todo con los brackets?\u201d Esta es una pregunta frecuente que se hacen los padres cuando le ponemos un tratamiento de brackets a su hijo o hija. \ud83e\udd14<\/p>\n<p>La respuesta es que s\u00ed que pueden comer de todo, aunque al principio puede resultar molesto comer algunos alimentos. \ud83d\udc4d<\/p>\n<p>Necesitar\u00e1 un periodo de adaptaci\u00f3n para que las tensiones que provocan los brackets en los dientes no le resulte inc\u00f3modo. \ud83e\udd56\ud83c\udf4f\ud83e\udd69 Por eso, al principio es mejor evitar bocadillos de pan crujiente, manzanas y frutas duras o carnes, salvo las guisadas o estofadas que son m\u00e1s blanditas.<\/p>\n<p>Pero tampoco es necesario comer solo sopas o pur\u00e9s. \u274c<br \/>\nPara los primeros d\u00edas, lo mejor es tener paciencia y ser un poco m\u00e1s flexible con las comidas. \ud83d\ude05<br \/>\nPor lo dem\u00e1s, salvo chuches y dulces \ud83c\udf6d, cuanto m\u00e1s variada su dieta, mejor.<\/p>\n<p>\u00bfDudas con la ortodoncia de los ni\u00f1os? Contacta con nosotros y cons\u00faltanos lo que quieras.<\/p>","protected":false},"excerpt":{"rendered":"<p>\u201c\u00bfPuede comer de todo con los brackets?\u201d Esta es una pregunta frecuente que se hacen los padres cuando le ponemos un tratamiento de brackets a su hijo o hija. \ud83e\udd14\u2026<\/p>","protected":false},"author":1,"featured_media":8340,"comment_status":"open","ping_status":"open","sticky":false,"template":"","format":"standard","meta":{"_joinchat":[],"footnotes":""},"categories":[9,13,15,7,14,10,8,12,11,23],"tags":[],"class_list":{"0":"post-8339","1":"post","2":"type-post","3":"status-publish","4":"format-standard","5":"has-post-thumbnail","7":"category-ortodoncia-barcelona","8":"category-ortodoncia-inca","9":"category-ortodoncia-las-palmas","10":"category-ortodoncia-lleida","11":"category-ortodoncia-palma-de-mallorca","12":"category-ortodoncia-sabadell","13":"category-ortodoncia-tarragona","14":"category-ortodoncia-torrent","15":"category-ortodoncia-valencia","16":"category-ziving"},"_links":{"self":[{"href":"https:\/\/ziving.com\/en\/wp-json\/wp\/v2\/posts\/8339","targetHints":{"allow":["GET"]}}],"collection":[{"href":"https:\/\/ziving.com\/en\/wp-json\/wp\/v2\/posts"}],"about":[{"href":"https:\/\/ziving.com\/en\/wp-json\/wp\/v2\/types\/post"}],"author":[{"embeddable":true,"href":"https:\/\/ziving.com\/en\/wp-json\/wp\/v2\/users\/1"}],"replies":[{"embeddable":true,"href":"https:\/\/ziving.com\/en\/wp-json\/wp\/v2\/comments?post=8339"}],"version-history":[{"count":1,"href":"https:\/\/ziving.com\/en\/wp-json\/wp\/v2\/posts\/8339\/revisions"}],"predecessor-version":[{"id":8341,"href":"https:\/\/ziving.com\/en\/wp-json\/wp\/v2\/posts\/8339\/revisions\/8341"}],"wp:featuredmedia":[{"embeddable":true,"href":"https:\/\/ziving.com\/en\/wp-json\/wp\/v2\/media\/8340"}],"wp:attachment":[{"href":"https:\/\/ziving.com\/en\/wp-json\/wp\/v2\/media?parent=8339"}],"wp:term":[{"taxonomy":"category","embeddable":true,"href":"https:\/\/ziving.com\/en\/wp-json\/wp\/v2\/categories?post=8339"},{"taxonomy":"post_tag","embeddable":true,"href":"https:\/\/ziving.com\/en\/wp-json\/wp\/v2\/tags?post=8339"}],"curies":[{"name":"wp","href":"https:\/\/api.w.org\/{rel}","templated":true}]}}