{"id":8361,"date":"2023-03-06T15:27:21","date_gmt":"2023-03-06T14:27:21","guid":{"rendered":"https:\/\/ziving.com\/?p=8361"},"modified":"2023-03-06T15:27:21","modified_gmt":"2023-03-06T14:27:21","slug":"5-consejos-para-decir-adios-al-chupete","status":"publish","type":"post","link":"https:\/\/ziving.com\/en\/ortodoncia-lleida\/5-consejos-para-decir-adios-al-chupete\/","title":{"rendered":"5 consejos para decir adi\u00f3s al chupete."},"content":{"rendered":"<p>El chupete es un consuelo para tu beb\u00e9, pero no hay que mantenerlo durante mucho tiempo para evitar problemas con la ortodoncia. \ud83d\udc76 \u00bfC\u00f3mo puedes hacer para retirarle el chupete?<br \/>\nTe dejamos una serie de recomendaciones.<\/p>\n<p>1\ufe0f\u20e3 Hay que decirle adi\u00f3s entre los 18 y los 24 meses.<br \/>\n2\ufe0f\u20e3 H\u00e1blale de que los ni\u00f1os mayores no lo usan.<br \/>\n3\ufe0f\u20e3 Hazlo progresivo: primero durante el d\u00eda, despu\u00e9s por las noches.<br \/>\n4\ufe0f\u20e3 L\u00e9ele cuentos donde el protagonista decide por s\u00ed mismo que no quiere usar m\u00e1s el chupete.<br \/>\n5\ufe0f\u20e3 Respeta sus tiempos y \u00e1rmate de paciencia, pero hazlo porque es por su bien.<\/p>\n<p>La retirada del chupete es diferente para cada ni\u00f1o y tambi\u00e9n c\u00f3mo lo afronta cada familia. Y puesto que es algo que le aporta seguridad y consuelo, hay que hacerlo con mimo y serenidad. \ud83e\udd70<\/p>\n<p>Es una decisi\u00f3n que tienes que tomar de manera firme, aunque le cueste un poco. Est\u00e1 en pleno desarrollo y formaci\u00f3n de su boca, as\u00ed que lo \u00faltimo que quieres son alteraciones en sus dientes o paladar, \u00bfverdad? \ud83d\ude30<\/p>\n<p>Y t\u00fa, \u00bfhas pasado ya por ello?<\/p>","protected":false},"excerpt":{"rendered":"<p>El chupete es un consuelo para tu beb\u00e9, pero no hay que mantenerlo durante mucho tiempo para evitar problemas con la ortodoncia. \ud83d\udc76 \u00bfC\u00f3mo puedes hacer para retirarle el chupete?\u2026<\/p>","protected":false},"author":1,"featured_media":8362,"comment_status":"open","ping_status":"open","sticky":false,"template":"","format":"standard","meta":{"_joinchat":[],"footnotes":""},"categories":[13,15,7,14,10,16,8,12,11,23],"tags":[],"class_list":{"0":"post-8361","1":"post","2":"type-post","3":"status-publish","4":"format-standard","5":"has-post-thumbnail","7":"category-ortodoncia-inca","8":"category-ortodoncia-las-palmas","9":"category-ortodoncia-lleida","10":"category-ortodoncia-palma-de-mallorca","11":"category-ortodoncia-sabadell","12":"category-ortodoncia-sevilla","13":"category-ortodoncia-tarragona","14":"category-ortodoncia-torrent","15":"category-ortodoncia-valencia","16":"category-ziving"},"_links":{"self":[{"href":"https:\/\/ziving.com\/en\/wp-json\/wp\/v2\/posts\/8361","targetHints":{"allow":["GET"]}}],"collection":[{"href":"https:\/\/ziving.com\/en\/wp-json\/wp\/v2\/posts"}],"about":[{"href":"https:\/\/ziving.com\/en\/wp-json\/wp\/v2\/types\/post"}],"author":[{"embeddable":true,"href":"https:\/\/ziving.com\/en\/wp-json\/wp\/v2\/users\/1"}],"replies":[{"embeddable":true,"href":"https:\/\/ziving.com\/en\/wp-json\/wp\/v2\/comments?post=8361"}],"version-history":[{"count":1,"href":"https:\/\/ziving.com\/en\/wp-json\/wp\/v2\/posts\/8361\/revisions"}],"predecessor-version":[{"id":8363,"href":"https:\/\/ziving.com\/en\/wp-json\/wp\/v2\/posts\/8361\/revisions\/8363"}],"wp:featuredmedia":[{"embeddable":true,"href":"https:\/\/ziving.com\/en\/wp-json\/wp\/v2\/media\/8362"}],"wp:attachment":[{"href":"https:\/\/ziving.com\/en\/wp-json\/wp\/v2\/media?parent=8361"}],"wp:term":[{"taxonomy":"category","embeddable":true,"href":"https:\/\/ziving.com\/en\/wp-json\/wp\/v2\/categories?post=8361"},{"taxonomy":"post_tag","embeddable":true,"href":"https:\/\/ziving.com\/en\/wp-json\/wp\/v2\/tags?post=8361"}],"curies":[{"name":"wp","href":"https:\/\/api.w.org\/{rel}","templated":true}]}}