{"id":8657,"date":"2024-02-12T09:17:36","date_gmt":"2024-02-12T08:17:36","guid":{"rendered":"https:\/\/ziving.com\/?p=8657"},"modified":"2024-02-06T09:21:41","modified_gmt":"2024-02-06T08:21:41","slug":"caries-tan-pequenos-si-no-les-doy-azucar","status":"publish","type":"post","link":"https:\/\/ziving.com\/en\/ortodoncia-lleida\/caries-tan-pequenos-si-no-les-doy-azucar\/","title":{"rendered":"\u00bfCaries tan peque\u00f1os? \u00a1Si no les doy az\u00facar!"},"content":{"rendered":"<p>\u00a1Mam\u00e1s, cuidado con las caries en los peques! \ud83e\uddb7\ud83d\udea8<\/p>\n<p>A veces, incluso sin darles az\u00facar, la placa bacteriana hace de las suyas. \ud83d\ude13\ud83c\udf6c<\/p>\n<p>\u00bfC\u00f3mo? \ud83e\udd14 La placa convierte az\u00facares de alimentos y bebidas en \u00e1cidos que da\u00f1an los dientecitos con el tiempo. \ud83d\udd70\ufe0f \u00a1Pero no te preocupes! Aqu\u00ed van algunos consejos:<\/p>\n<p>1\ufe0f\u20e3 Controla la ingesta de az\u00facares. \ud83c\udf4f Menos az\u00facar, menos riesgo.<br \/>\n2\ufe0f\u20e3 \u00a1Fl\u00faor al rescate! \ud83d\udcaa Refuerza sus dientes con productos ricos en fl\u00faor.<br \/>\n3\ufe0f\u20e3 \u00a1Cepillado divertido! \ud83c\udf89\ud83d\udc76 Aseg\u00farate de eliminar la placa con cepillados regulares.<\/p>\n<p>Reserva una revisi\u00f3n de ortodoncia ya para garantizar que todo est\u00e9 en perfecto estado. \u2705 En ocasiones, no se ve a este enemigo oculto.<\/p>","protected":false},"excerpt":{"rendered":"<p>\u00a1Mam\u00e1s, cuidado con las caries en los peques! \ud83e\uddb7\ud83d\udea8 A veces, incluso sin darles az\u00facar, la placa bacteriana hace de las suyas. \ud83d\ude13\ud83c\udf6c \u00bfC\u00f3mo? \ud83e\udd14 La placa convierte az\u00facares de\u2026<\/p>","protected":false},"author":1,"featured_media":8658,"comment_status":"open","ping_status":"open","sticky":false,"template":"","format":"standard","meta":{"_joinchat":[],"footnotes":""},"categories":[13,15,7,14,10,8,12,11,23],"tags":[],"class_list":{"0":"post-8657","1":"post","2":"type-post","3":"status-publish","4":"format-standard","5":"has-post-thumbnail","7":"category-ortodoncia-inca","8":"category-ortodoncia-las-palmas","9":"category-ortodoncia-lleida","10":"category-ortodoncia-palma-de-mallorca","11":"category-ortodoncia-sabadell","12":"category-ortodoncia-tarragona","13":"category-ortodoncia-torrent","14":"category-ortodoncia-valencia","15":"category-ziving"},"_links":{"self":[{"href":"https:\/\/ziving.com\/en\/wp-json\/wp\/v2\/posts\/8657","targetHints":{"allow":["GET"]}}],"collection":[{"href":"https:\/\/ziving.com\/en\/wp-json\/wp\/v2\/posts"}],"about":[{"href":"https:\/\/ziving.com\/en\/wp-json\/wp\/v2\/types\/post"}],"author":[{"embeddable":true,"href":"https:\/\/ziving.com\/en\/wp-json\/wp\/v2\/users\/1"}],"replies":[{"embeddable":true,"href":"https:\/\/ziving.com\/en\/wp-json\/wp\/v2\/comments?post=8657"}],"version-history":[{"count":2,"href":"https:\/\/ziving.com\/en\/wp-json\/wp\/v2\/posts\/8657\/revisions"}],"predecessor-version":[{"id":8661,"href":"https:\/\/ziving.com\/en\/wp-json\/wp\/v2\/posts\/8657\/revisions\/8661"}],"wp:featuredmedia":[{"embeddable":true,"href":"https:\/\/ziving.com\/en\/wp-json\/wp\/v2\/media\/8658"}],"wp:attachment":[{"href":"https:\/\/ziving.com\/en\/wp-json\/wp\/v2\/media?parent=8657"}],"wp:term":[{"taxonomy":"category","embeddable":true,"href":"https:\/\/ziving.com\/en\/wp-json\/wp\/v2\/categories?post=8657"},{"taxonomy":"post_tag","embeddable":true,"href":"https:\/\/ziving.com\/en\/wp-json\/wp\/v2\/tags?post=8657"}],"curies":[{"name":"wp","href":"https:\/\/api.w.org\/{rel}","templated":true}]}}